{"id":25782,"date":"2025-08-16T12:41:06","date_gmt":"2025-08-16T10:41:06","guid":{"rendered":"https:\/\/fr.bi.glpch2.dev\/?p=25782"},"modified":"2025-08-16T12:41:06","modified_gmt":"2025-08-16T10:41:06","slug":"assemblee-generale-du-pvl-tenue-le-1er-avril-2025-2","status":"publish","type":"post","link":"https:\/\/fr.bi.glpch2.dev\/fr\/assemblee-generale-du-pvl-tenue-le-1er-avril-2025-2\/","title":{"rendered":"Assembl\u00e9e g\u00e9n\u00e9rale du PVL tenue le 1er avril 2025"},"content":{"rendered":"\t\t<div data-elementor-type=\"wp-post\" data-elementor-id=\"25782\" class=\"elementor elementor-25782 elementor-25781\" data-elementor-post-type=\"post\">\n\t\t\t\t<div class=\"elementor-element elementor-element-7ef930d e-flex e-con-boxed e-con e-parent\" data-id=\"7ef930d\" data-element_type=\"container\" data-e-type=\"container\">\n\t\t\t\t\t<div class=\"e-con-inner\">\n\t\t\t\t<div class=\"elementor-element elementor-element-24aba2b elementor-widget elementor-widget-text-editor\" data-id=\"24aba2b\" data-element_type=\"widget\" data-e-type=\"widget\" data-widget_type=\"text-editor.default\">\n\t\t\t\t<div class=\"elementor-widget-container\">\n\t\t\t\t\t\t\t\t\t<p>Le PVL Fribourg recommande de voter oui \u00e0 l&rsquo;initiative \u00ab Sauvez les Laviaux \u00bb. Lors des d\u00e9bats, Leonardo Gomez<br \/>Mariaca, vice-pr\u00e9sident du PVL Fribourg, a d\u00e9clar\u00e9 : \u00ab L&rsquo;initiative vise \u00e0 \u00e9viter une disneylandisation du lac de la Gruy\u00e8re<br \/>et \u00e0 prot\u00e9ger la r\u00e9gion de projets disproportionn\u00e9s. La question n&rsquo;est pas de savoir ce que l&rsquo;on peut faire du lac de la<br \/>Gruy\u00e8re, mais ce que l&rsquo;on souhaite en faire. Cette question est \u00e9minemment politique et concerne l&rsquo;ensemble des<br \/>citoyennes et citoyens du canton de Fribourg. \u00bb<br \/>Il a \u00e9galement \u00e9t\u00e9 d\u00e9cid\u00e9 de participer \u00e0 la r\u00e9colte de signatures en faveur de l&rsquo;initiative pour une place financi\u00e8re<br \/>durable. Au cours des discussions, Lukas Bieler, co-pr\u00e9sident du PVL Gl\u00e2ne-Veveyse, a soulign\u00e9 que tous les acteurs<br \/>doivent s&rsquo;aligner sur les objectifs climatiques \u00e9tablis pour 2030 et 2050. Il a exprim\u00e9 que cr\u00e9er une contrainte dans la<br \/>constitution pour un type d&rsquo;acteur, tout en exemptant les autres, lui semblait \u00eatre une solution trop facile. Cette position<br \/>met en avant la n\u00e9cessit\u00e9 d&rsquo;une approche collective et \u00e9quitable face aux d\u00e9fis environnementaux.<br \/>\u00c0 noter \u00e9galement que les comptes 2024 ont \u00e9t\u00e9 accept\u00e9s \u00e0 l&rsquo;unanimit\u00e9, sans modifications.<\/p>\n\t\t\t\t\t\t\t\t<\/div>\n\t\t\t\t<\/div>\n\t\t\t\t\t<\/div>\n\t\t\t\t<\/div>\n\t\t<div class=\"elementor-element elementor-element-0255c31 e-flex e-con-boxed e-con e-parent\" data-id=\"0255c31\" data-element_type=\"container\" data-e-type=\"container\">\n\t\t\t\t\t<div class=\"e-con-inner\">\n\t\t\t\t\t<\/div>\n\t\t\t\t<\/div>\n\t\t\t\t<\/div>\n\t\t","protected":false},"excerpt":{"rendered":"<p>Apr\u00e8s avoir visit\u00e9 la fromagerie de Gumefens &#8211; Avry, le Parti vert&rsquo;lib\u00e9ral (PVL) de Fribourg a tenu<br \/>\nson assembl\u00e9e g\u00e9n\u00e9rale dans les locaux de cette derni\u00e8re. Les discussions ont port\u00e9<br \/>\nprincipalement sur la votation \u00ab Pour la sauvegarde du lac de la Gruy\u00e8re et de ses rives \u00bb ainsi que<br \/>\nsur le soutien \u00e0 la campagne de r\u00e9colte de signatures pour l&rsquo;initiative en faveur d&rsquo;une place<br \/>\nfinanci\u00e8re durable.<\/p>\n","protected":false},"author":12,"featured_media":25785,"comment_status":"closed","ping_status":"closed","sticky":false,"template":"","format":"standard","meta":{"wds_primary_category":0,"footnotes":""},"categories":[127],"tags":[],"class_list":["post-25782","post","type-post","status-publish","format-standard","has-post-thumbnail","hentry","category-communiques-de-presse-fr"],"_links":{"self":[{"href":"https:\/\/fr.bi.glpch2.dev\/fr\/wp-json\/wp\/v2\/posts\/25782","targetHints":{"allow":["GET"]}}],"collection":[{"href":"https:\/\/fr.bi.glpch2.dev\/fr\/wp-json\/wp\/v2\/posts"}],"about":[{"href":"https:\/\/fr.bi.glpch2.dev\/fr\/wp-json\/wp\/v2\/types\/post"}],"author":[{"embeddable":true,"href":"https:\/\/fr.bi.glpch2.dev\/fr\/wp-json\/wp\/v2\/users\/12"}],"replies":[{"embeddable":true,"href":"https:\/\/fr.bi.glpch2.dev\/fr\/wp-json\/wp\/v2\/comments?post=25782"}],"version-history":[{"count":0,"href":"https:\/\/fr.bi.glpch2.dev\/fr\/wp-json\/wp\/v2\/posts\/25782\/revisions"}],"wp:featuredmedia":[{"embeddable":true,"href":"https:\/\/fr.bi.glpch2.dev\/fr\/wp-json\/wp\/v2\/media\/25785"}],"wp:attachment":[{"href":"https:\/\/fr.bi.glpch2.dev\/fr\/wp-json\/wp\/v2\/media?parent=25782"}],"wp:term":[{"taxonomy":"category","embeddable":true,"href":"https:\/\/fr.bi.glpch2.dev\/fr\/wp-json\/wp\/v2\/categories?post=25782"},{"taxonomy":"post_tag","embeddable":true,"href":"https:\/\/fr.bi.glpch2.dev\/fr\/wp-json\/wp\/v2\/tags?post=25782"}],"curies":[{"name":"wp","href":"https:\/\/api.w.org\/{rel}","templated":true}]}}