{"id":25129,"date":"2025-01-12T14:06:00","date_gmt":"2025-01-12T13:06:00","guid":{"rendered":"https:\/\/fr.bi.glpch2.dev\/?p=25129"},"modified":"2025-02-05T14:07:33","modified_gmt":"2025-02-05T13:07:33","slug":"relancer-la-competitivite-des-pme-fribourgeoises","status":"publish","type":"post","link":"https:\/\/fr.bi.glpch2.dev\/fr\/relancer-la-competitivite-des-pme-fribourgeoises\/","title":{"rendered":"Relancer la comp\u00e9titivit\u00e9 des PME fribourgeoises"},"content":{"rendered":"\t\t<div data-elementor-type=\"wp-post\" data-elementor-id=\"25129\" class=\"elementor elementor-25129\" data-elementor-post-type=\"post\">\n\t\t\t\t<div class=\"elementor-element elementor-element-7ef930d e-flex e-con-boxed e-con e-parent\" data-id=\"7ef930d\" data-element_type=\"container\" data-e-type=\"container\">\n\t\t\t\t\t<div class=\"e-con-inner\">\n\t\t\t\t<div class=\"elementor-element elementor-element-24aba2b elementor-widget elementor-widget-text-editor\" data-id=\"24aba2b\" data-element_type=\"widget\" data-e-type=\"widget\" data-widget_type=\"text-editor.default\">\n\t\t\t\t<div class=\"elementor-widget-container\">\n\t\t\t\t\t\t\t\t\t<p style=\"letter-spacing: 0.3px;\">Les faillites de Progin SA, d\u2019ETF SA pour la partie de ses activit\u00e9s non reprise par le Groupe Burkhalter, comme les difficult\u00e9s rencontr\u00e9es par le groupe Liebherr r\u00e9v\u00e8le une situation alarmante pour beaucoup d\u2019entreprises fribourgeoises. Ces quelques exemples inqui\u00e8tent profond\u00e9ment le PVL, qui se pr\u00e9occupe de l\u2019\u00e9tat de la sant\u00e9 \u00e9conomique du canton de Fribourg. La situation est tendue et il n\u2019est d\u00e9sormais plus rare de rencontrer des patrons de PME qui d\u00e9clarent devoir renoncer \u00e0 leur salaire. Le r\u00e9cent sondage de la CCIF confirme d\u2019ailleurs cette inqui\u00e9tude face \u00e0 un avenir incertain pour beaucoup d\u2019entreprises.<\/p><p style=\"letter-spacing: 0.3px;\"><br \/>Si le PVL se r\u00e9clame du lib\u00e9ralisme \u00e9conomique, il ne tombe pas pour autant dans le dogmatisme. Il en va de la responsabilit\u00e9 du canton de soutenir les entreprises, en particulier celles qui rencontrent des difficult\u00e9s temporaires. C\u2019est pourquoi le d\u00e9put\u00e9 PVL Daniel Savary a d\u00e9pos\u00e9 en date du 9 janvier dernier une motion parlementaire invitant l\u2019Etat de Fribourg \u00e0 investir rapidement dans ses propres PME par la cr\u00e9ation d\u2019un fonds de soutien destin\u00e9 \u00e0 assurer la r\u00e9silience du secteur priv\u00e9.<\/p><p style=\"letter-spacing: 0.3px;\"><br \/>Cette id\u00e9e est calqu\u00e9e sur le m\u00e9canisme mis en place en 2015 par le canton de Vaud et r\u00e9cemment r\u00e9actualis\u00e9e en d\u00e9cembre 2024 (voir annexe). Une aide cibl\u00e9e et temporaire de l\u2019Etat aux PME doit \u00eatre envisag\u00e9e pour sauver des emplois et cr\u00e9er \u00e0 terme de la richesse. Dans un second temps, le PVL se battra pour une am\u00e9lioration des conditions-cadres ainsi que pour une simplification des d\u00e9marches administratives pour les entreprises fribourgeoises. Un tissu \u00e9conomique se soigne. Le PVL esp\u00e8re que le Conseil d\u2019Etat ne l\u2019oubliera pas.<\/p>\t\t\t\t\t\t\t\t<\/div>\n\t\t\t\t<\/div>\n\t\t\t\t\t<\/div>\n\t\t\t\t<\/div>\n\t\t<div class=\"elementor-element elementor-element-4e47a7d elementor-hidden-mobile e-flex e-con-boxed e-con e-parent\" data-id=\"4e47a7d\" data-element_type=\"container\" data-e-type=\"container\">\n\t\t\t\t\t<div class=\"e-con-inner\">\n\t\t\t\t\t<\/div>\n\t\t\t\t<\/div>\n\t\t\t\t<\/div>\n\t\t","protected":false},"excerpt":{"rendered":"<p>Le PVL exprime sa profonde inqui\u00e9tude face \u00e0 un tissu \u00e9conomique fribourgeois<br \/>\nmorose et trop peu soutenu par les autorit\u00e9s cantonales. Agissant par la voix de son d\u00e9put\u00e9 Daniel Savary, il propose une intervention destin\u00e9e \u00e0 relancer la<br \/>\ncomp\u00e9titivit\u00e9 des PME fribourgeoises.<\/p>\n","protected":false},"author":12,"featured_media":25131,"comment_status":"closed","ping_status":"closed","sticky":false,"template":"","format":"standard","meta":{"wds_primary_category":0,"footnotes":""},"categories":[127],"tags":[],"class_list":["post-25129","post","type-post","status-publish","format-standard","has-post-thumbnail","hentry","category-communiques-de-presse-fr"],"_links":{"self":[{"href":"https:\/\/fr.bi.glpch2.dev\/fr\/wp-json\/wp\/v2\/posts\/25129","targetHints":{"allow":["GET"]}}],"collection":[{"href":"https:\/\/fr.bi.glpch2.dev\/fr\/wp-json\/wp\/v2\/posts"}],"about":[{"href":"https:\/\/fr.bi.glpch2.dev\/fr\/wp-json\/wp\/v2\/types\/post"}],"author":[{"embeddable":true,"href":"https:\/\/fr.bi.glpch2.dev\/fr\/wp-json\/wp\/v2\/users\/12"}],"replies":[{"embeddable":true,"href":"https:\/\/fr.bi.glpch2.dev\/fr\/wp-json\/wp\/v2\/comments?post=25129"}],"version-history":[{"count":0,"href":"https:\/\/fr.bi.glpch2.dev\/fr\/wp-json\/wp\/v2\/posts\/25129\/revisions"}],"wp:featuredmedia":[{"embeddable":true,"href":"https:\/\/fr.bi.glpch2.dev\/fr\/wp-json\/wp\/v2\/media\/25131"}],"wp:attachment":[{"href":"https:\/\/fr.bi.glpch2.dev\/fr\/wp-json\/wp\/v2\/media?parent=25129"}],"wp:term":[{"taxonomy":"category","embeddable":true,"href":"https:\/\/fr.bi.glpch2.dev\/fr\/wp-json\/wp\/v2\/categories?post=25129"},{"taxonomy":"post_tag","embeddable":true,"href":"https:\/\/fr.bi.glpch2.dev\/fr\/wp-json\/wp\/v2\/tags?post=25129"}],"curies":[{"name":"wp","href":"https:\/\/api.w.org\/{rel}","templated":true}]}}